{"id":3522,"date":"2025-05-05T21:14:17","date_gmt":"2025-05-05T21:14:17","guid":{"rendered":"https:\/\/cobrarentalbike.com\/scopri-la-valencia-storica-a-pedali-unavventura-imperdibile\/"},"modified":"2025-05-17T01:25:21","modified_gmt":"2025-05-17T01:25:21","slug":"scopri-la-valencia-storica-a-pedali-unavventura-imperdibile","status":"publish","type":"post","link":"https:\/\/cobrarentalbike.com\/it\/scopri-la-valencia-storica-a-pedali-unavventura-imperdibile\/","title":{"rendered":"Scopri la Valencia storica a pedali: un&#8217;avventura imperdibile"},"content":{"rendered":"\n<p>Cerchi un modo unico e divertente per esplorare il cuore di Valencia? Il nostro servizio di noleggio biciclette ti d\u00e0 la libert\u00e0 di immergerti nella ricca storia di questa affascinante citt\u00e0 al tuo ritmo. Dimentica gli ingorghi e i trasporti pubblici: con le nostre comode biciclette a noleggio potrai esplorare gli angoli emblematici del centro storico di Valencia in modo agile e sostenibile.  <\/p>\n\n<p>Inizia la tua avventura in bicicletta dalle maestose Torri di Serranos, un&#8217;antica porta della citt\u00e0 che ti trasporter\u00e0 in un&#8217;altra epoca. Da l\u00ec, pedala dolcemente verso l&#8217;imponente Cattedrale di Valencia, dove potrai ammirare il suo mix di stili architettonici e magari fermarti a goderti l&#8217;atmosfera della Plaza de la Virgen. <\/p>\n\n<p>Continua il tuo percorso in bicicletta fino al vivace Mercato Centrale, una festa per i sensi con i suoi colori e aromi vibranti. Nelle vicinanze ti aspetta la Lonja de la Seda (Borsa della Seta), un gioiello dell&#8217;architettura gotica civile e patrimonio dell&#8217;umanit\u00e0 dell&#8217;UNESCO. E per concludere questo storico tour in bicicletta, non puoi perderti la grandiosa Plaza del Ayuntamiento, uno spazio vivace circondato da edifici emblematici.  <\/p>\n\n<p>Con il nostro servizio di noleggio biciclette a Valencia, avrai l&#8217;opportunit\u00e0 di vivere un&#8217;esperienza turistica indimenticabile, entrando in contatto con la storia e la bellezza di questa citt\u00e0 in modo attivo ed emozionante. Noleggia la tua bicicletta oggi stesso e inizia ad esplorarla! <\/p>\n\n<p><\/p>\n","protected":false},"excerpt":{"rendered":"<p>Cerchi un modo unico e divertente per esplorare il cuore di Valencia? Il nostro servizio di noleggio biciclette ti d\u00e0 la libert\u00e0 di immergerti nella ricca storia di questa affascinante citt\u00e0 al tuo ritmo. Dimentica gli ingorghi e i trasporti pubblici: con le nostre comode biciclette a noleggio potrai esplorare gli angoli emblematici del centro [&hellip;]<\/p>\n","protected":false},"author":1,"featured_media":3526,"comment_status":"open","ping_status":"open","sticky":false,"template":"","format":"standard","meta":{"_surecart_dashboard_logo_width":"180px","_surecart_dashboard_show_logo":true,"_surecart_dashboard_navigation_orders":true,"_surecart_dashboard_navigation_invoices":true,"_surecart_dashboard_navigation_subscriptions":true,"_surecart_dashboard_navigation_downloads":true,"_surecart_dashboard_navigation_billing":true,"_surecart_dashboard_navigation_account":true,"_uag_custom_page_level_css":"","site-sidebar-layout":"default","site-content-layout":"","ast-site-content-layout":"default","site-content-style":"default","site-sidebar-style":"default","ast-global-header-display":"","ast-banner-title-visibility":"","ast-main-header-display":"","ast-hfb-above-header-display":"","ast-hfb-below-header-display":"","ast-hfb-mobile-header-display":"","site-post-title":"","ast-breadcrumbs-content":"","ast-featured-img":"","footer-sml-layout":"","ast-disable-related-posts":"","theme-transparent-header-meta":"","adv-header-id-meta":"","stick-header-meta":"","header-above-stick-meta":"","header-main-stick-meta":"","header-below-stick-meta":"","astra-migrate-meta-layouts":"default","ast-page-background-enabled":"default","ast-page-background-meta":{"desktop":{"background-color":"","background-image":"","background-repeat":"repeat","background-position":"center center","background-size":"auto","background-attachment":"scroll","background-type":"","background-media":"","overlay-type":"","overlay-color":"","overlay-opacity":"","overlay-gradient":""},"tablet":{"background-color":"","background-image":"","background-repeat":"repeat","background-position":"center center","background-size":"auto","background-attachment":"scroll","background-type":"","background-media":"","overlay-type":"","overlay-color":"","overlay-opacity":"","overlay-gradient":""},"mobile":{"background-color":"","background-image":"","background-repeat":"repeat","background-position":"center center","background-size":"auto","background-attachment":"scroll","background-type":"","background-media":"","overlay-type":"","overlay-color":"","overlay-opacity":"","overlay-gradient":""}},"ast-content-background-meta":{"desktop":{"background-color":"var(--ast-global-color-5)","background-image":"","background-repeat":"repeat","background-position":"center center","background-size":"auto","background-attachment":"scroll","background-type":"","background-media":"","overlay-type":"","overlay-color":"","overlay-opacity":"","overlay-gradient":""},"tablet":{"background-color":"var(--ast-global-color-5)","background-image":"","background-repeat":"repeat","background-position":"center center","background-size":"auto","background-attachment":"scroll","background-type":"","background-media":"","overlay-type":"","overlay-color":"","overlay-opacity":"","overlay-gradient":""},"mobile":{"background-color":"var(--ast-global-color-5)","background-image":"","background-repeat":"repeat","background-position":"center center","background-size":"auto","background-attachment":"scroll","background-type":"","background-media":"","overlay-type":"","overlay-color":"","overlay-opacity":"","overlay-gradient":""}},"_joinchat":[],"footnotes":""},"categories":[26],"tags":[],"class_list":["post-3522","post","type-post","status-publish","format-standard","has-post-thumbnail","hentry","category-senza-categoria"],"yoast_head":"<!-- This site is optimized with the Yoast SEO plugin v27.4 - https:\/\/yoast.com\/product\/yoast-seo-wordpress\/ -->\n<title>Scopri la Valencia storica a pedali: un&#039;avventura imperdibile - Cobra Renta Bike<\/title>\n<meta name=\"robots\" content=\"index, follow, max-snippet:-1, max-image-preview:large, max-video-preview:-1\" \/>\n<link rel=\"canonical\" href=\"https:\/\/cobrarentalbike.com\/it\/scopri-la-valencia-storica-a-pedali-unavventura-imperdibile\/\" \/>\n<meta property=\"og:locale\" content=\"it_IT\" \/>\n<meta property=\"og:type\" content=\"article\" \/>\n<meta property=\"og:title\" content=\"Scopri la Valencia storica a pedali: un&#039;avventura imperdibile - Cobra Renta Bike\" \/>\n<meta property=\"og:description\" content=\"Cerchi un modo unico e divertente per esplorare il cuore di Valencia? Il nostro servizio di noleggio biciclette ti d\u00e0 la libert\u00e0 di immergerti nella ricca storia di questa affascinante citt\u00e0 al tuo ritmo. Dimentica gli ingorghi e i trasporti pubblici: con le nostre comode biciclette a noleggio potrai esplorare gli angoli emblematici del centro [&hellip;]\" \/>\n<meta property=\"og:url\" content=\"https:\/\/cobrarentalbike.com\/it\/scopri-la-valencia-storica-a-pedali-unavventura-imperdibile\/\" \/>\n<meta property=\"og:site_name\" content=\"Cobra Renta Bike\" \/>\n<meta property=\"article:published_time\" content=\"2025-05-05T21:14:17+00:00\" \/>\n<meta property=\"article:modified_time\" content=\"2025-05-17T01:25:21+00:00\" \/>\n<meta property=\"og:image\" content=\"https:\/\/cobrarentalbike.com\/wp-content\/uploads\/2025\/05\/Web14-1.jpg\" \/>\n\t<meta property=\"og:image:width\" content=\"1600\" \/>\n\t<meta property=\"og:image:height\" content=\"1200\" \/>\n\t<meta property=\"og:image:type\" content=\"image\/jpeg\" \/>\n<meta name=\"author\" content=\"cobrarentalbikevalencia\" \/>\n<meta name=\"twitter:card\" content=\"summary_large_image\" \/>\n<meta name=\"twitter:label1\" content=\"Scritto da\" \/>\n\t<meta name=\"twitter:data1\" content=\"cobrarentalbikevalencia\" \/>\n\t<meta name=\"twitter:label2\" content=\"Tempo di lettura stimato\" \/>\n\t<meta name=\"twitter:data2\" content=\"1 minuto\" \/>\n<script type=\"application\/ld+json\" class=\"yoast-schema-graph\">{\"@context\":\"https:\\\/\\\/schema.org\",\"@graph\":[{\"@type\":\"Article\",\"@id\":\"https:\\\/\\\/cobrarentalbike.com\\\/it\\\/scopri-la-valencia-storica-a-pedali-unavventura-imperdibile\\\/#article\",\"isPartOf\":{\"@id\":\"https:\\\/\\\/cobrarentalbike.com\\\/it\\\/scopri-la-valencia-storica-a-pedali-unavventura-imperdibile\\\/\"},\"author\":{\"name\":\"cobrarentalbikevalencia\",\"@id\":\"https:\\\/\\\/cobrarentalbike.com\\\/it\\\/#\\\/schema\\\/person\\\/14580a975d180db3c623dfba983c49e6\"},\"headline\":\"Scopri la Valencia storica a pedali: un&#8217;avventura imperdibile\",\"datePublished\":\"2025-05-05T21:14:17+00:00\",\"dateModified\":\"2025-05-17T01:25:21+00:00\",\"mainEntityOfPage\":{\"@id\":\"https:\\\/\\\/cobrarentalbike.com\\\/it\\\/scopri-la-valencia-storica-a-pedali-unavventura-imperdibile\\\/\"},\"wordCount\":241,\"commentCount\":0,\"publisher\":{\"@id\":\"https:\\\/\\\/cobrarentalbike.com\\\/it\\\/#organization\"},\"image\":{\"@id\":\"https:\\\/\\\/cobrarentalbike.com\\\/it\\\/scopri-la-valencia-storica-a-pedali-unavventura-imperdibile\\\/#primaryimage\"},\"thumbnailUrl\":\"https:\\\/\\\/cobrarentalbike.com\\\/wp-content\\\/uploads\\\/2025\\\/05\\\/Web14-1.jpg\",\"inLanguage\":\"it-IT\",\"potentialAction\":[{\"@type\":\"CommentAction\",\"name\":\"Comment\",\"target\":[\"https:\\\/\\\/cobrarentalbike.com\\\/it\\\/scopri-la-valencia-storica-a-pedali-unavventura-imperdibile\\\/#respond\"]}]},{\"@type\":\"WebPage\",\"@id\":\"https:\\\/\\\/cobrarentalbike.com\\\/it\\\/scopri-la-valencia-storica-a-pedali-unavventura-imperdibile\\\/\",\"url\":\"https:\\\/\\\/cobrarentalbike.com\\\/it\\\/scopri-la-valencia-storica-a-pedali-unavventura-imperdibile\\\/\",\"name\":\"Scopri la Valencia storica a pedali: un'avventura imperdibile - Cobra Renta Bike\",\"isPartOf\":{\"@id\":\"https:\\\/\\\/cobrarentalbike.com\\\/it\\\/#website\"},\"primaryImageOfPage\":{\"@id\":\"https:\\\/\\\/cobrarentalbike.com\\\/it\\\/scopri-la-valencia-storica-a-pedali-unavventura-imperdibile\\\/#primaryimage\"},\"image\":{\"@id\":\"https:\\\/\\\/cobrarentalbike.com\\\/it\\\/scopri-la-valencia-storica-a-pedali-unavventura-imperdibile\\\/#primaryimage\"},\"thumbnailUrl\":\"https:\\\/\\\/cobrarentalbike.com\\\/wp-content\\\/uploads\\\/2025\\\/05\\\/Web14-1.jpg\",\"datePublished\":\"2025-05-05T21:14:17+00:00\",\"dateModified\":\"2025-05-17T01:25:21+00:00\",\"breadcrumb\":{\"@id\":\"https:\\\/\\\/cobrarentalbike.com\\\/it\\\/scopri-la-valencia-storica-a-pedali-unavventura-imperdibile\\\/#breadcrumb\"},\"inLanguage\":\"it-IT\",\"potentialAction\":[{\"@type\":\"ReadAction\",\"target\":[\"https:\\\/\\\/cobrarentalbike.com\\\/it\\\/scopri-la-valencia-storica-a-pedali-unavventura-imperdibile\\\/\"]}]},{\"@type\":\"ImageObject\",\"inLanguage\":\"it-IT\",\"@id\":\"https:\\\/\\\/cobrarentalbike.com\\\/it\\\/scopri-la-valencia-storica-a-pedali-unavventura-imperdibile\\\/#primaryimage\",\"url\":\"https:\\\/\\\/cobrarentalbike.com\\\/wp-content\\\/uploads\\\/2025\\\/05\\\/Web14-1.jpg\",\"contentUrl\":\"https:\\\/\\\/cobrarentalbike.com\\\/wp-content\\\/uploads\\\/2025\\\/05\\\/Web14-1.jpg\",\"width\":1600,\"height\":1200},{\"@type\":\"BreadcrumbList\",\"@id\":\"https:\\\/\\\/cobrarentalbike.com\\\/it\\\/scopri-la-valencia-storica-a-pedali-unavventura-imperdibile\\\/#breadcrumb\",\"itemListElement\":[{\"@type\":\"ListItem\",\"position\":1,\"name\":\"Home\",\"item\":\"https:\\\/\\\/cobrarentalbike.com\\\/it\\\/\"},{\"@type\":\"ListItem\",\"position\":2,\"name\":\"Scopri la Valencia storica a pedali: un&#8217;avventura imperdibile\"}]},{\"@type\":\"WebSite\",\"@id\":\"https:\\\/\\\/cobrarentalbike.com\\\/it\\\/#website\",\"url\":\"https:\\\/\\\/cobrarentalbike.com\\\/it\\\/\",\"name\":\"Cobra Renta Bike\",\"description\":\"Alquiler de bicicletas y tours guiados en Valencia\",\"publisher\":{\"@id\":\"https:\\\/\\\/cobrarentalbike.com\\\/it\\\/#organization\"},\"potentialAction\":[{\"@type\":\"SearchAction\",\"target\":{\"@type\":\"EntryPoint\",\"urlTemplate\":\"https:\\\/\\\/cobrarentalbike.com\\\/it\\\/?s={search_term_string}\"},\"query-input\":{\"@type\":\"PropertyValueSpecification\",\"valueRequired\":true,\"valueName\":\"search_term_string\"}}],\"inLanguage\":\"it-IT\"},{\"@type\":\"Organization\",\"@id\":\"https:\\\/\\\/cobrarentalbike.com\\\/it\\\/#organization\",\"name\":\"Cobra renta bike\",\"url\":\"https:\\\/\\\/cobrarentalbike.com\\\/it\\\/\",\"logo\":{\"@type\":\"ImageObject\",\"inLanguage\":\"it-IT\",\"@id\":\"https:\\\/\\\/cobrarentalbike.com\\\/it\\\/#\\\/schema\\\/logo\\\/image\\\/\",\"url\":\"https:\\\/\\\/cobrarentalbike.com\\\/wp-content\\\/uploads\\\/2025\\\/04\\\/KobraBike_Oficial_Horizontal-03.png\",\"contentUrl\":\"https:\\\/\\\/cobrarentalbike.com\\\/wp-content\\\/uploads\\\/2025\\\/04\\\/KobraBike_Oficial_Horizontal-03.png\",\"width\":1800,\"height\":470,\"caption\":\"Cobra renta bike\"},\"image\":{\"@id\":\"https:\\\/\\\/cobrarentalbike.com\\\/it\\\/#\\\/schema\\\/logo\\\/image\\\/\"},\"sameAs\":[\"https:\\\/\\\/www.instagram.com\\\/cobrarentalbike\",\"https:\\\/\\\/www.tiktok.com\\\/@cobra.rental.bike\"]},{\"@type\":\"Person\",\"@id\":\"https:\\\/\\\/cobrarentalbike.com\\\/it\\\/#\\\/schema\\\/person\\\/14580a975d180db3c623dfba983c49e6\",\"name\":\"cobrarentalbikevalencia\",\"image\":{\"@type\":\"ImageObject\",\"inLanguage\":\"it-IT\",\"@id\":\"https:\\\/\\\/secure.gravatar.com\\\/avatar\\\/4ea80f5b9be09de113acec33db33a7b6dc657f1f2872de50830e57684c96521e?s=96&d=mm&r=g\",\"url\":\"https:\\\/\\\/secure.gravatar.com\\\/avatar\\\/4ea80f5b9be09de113acec33db33a7b6dc657f1f2872de50830e57684c96521e?s=96&d=mm&r=g\",\"contentUrl\":\"https:\\\/\\\/secure.gravatar.com\\\/avatar\\\/4ea80f5b9be09de113acec33db33a7b6dc657f1f2872de50830e57684c96521e?s=96&d=mm&r=g\",\"caption\":\"cobrarentalbikevalencia\"},\"sameAs\":[\"https:\\\/\\\/cobrarentalbike.com\"],\"url\":\"https:\\\/\\\/cobrarentalbike.com\\\/it\\\/author\\\/cobrarentalbikevalencia\\\/\"}]}<\/script>\n<!-- \/ Yoast SEO plugin. -->","yoast_head_json":{"title":"Scopri la Valencia storica a pedali: un'avventura imperdibile - Cobra Renta Bike","robots":{"index":"index","follow":"follow","max-snippet":"max-snippet:-1","max-image-preview":"max-image-preview:large","max-video-preview":"max-video-preview:-1"},"canonical":"https:\/\/cobrarentalbike.com\/it\/scopri-la-valencia-storica-a-pedali-unavventura-imperdibile\/","og_locale":"it_IT","og_type":"article","og_title":"Scopri la Valencia storica a pedali: un'avventura imperdibile - Cobra Renta Bike","og_description":"Cerchi un modo unico e divertente per esplorare il cuore di Valencia? Il nostro servizio di noleggio biciclette ti d\u00e0 la libert\u00e0 di immergerti nella ricca storia di questa affascinante citt\u00e0 al tuo ritmo. Dimentica gli ingorghi e i trasporti pubblici: con le nostre comode biciclette a noleggio potrai esplorare gli angoli emblematici del centro [&hellip;]","og_url":"https:\/\/cobrarentalbike.com\/it\/scopri-la-valencia-storica-a-pedali-unavventura-imperdibile\/","og_site_name":"Cobra Renta Bike","article_published_time":"2025-05-05T21:14:17+00:00","article_modified_time":"2025-05-17T01:25:21+00:00","og_image":[{"width":1600,"height":1200,"url":"https:\/\/cobrarentalbike.com\/wp-content\/uploads\/2025\/05\/Web14-1.jpg","type":"image\/jpeg"}],"author":"cobrarentalbikevalencia","twitter_card":"summary_large_image","twitter_misc":{"Scritto da":"cobrarentalbikevalencia","Tempo di lettura stimato":"1 minuto"},"schema":{"@context":"https:\/\/schema.org","@graph":[{"@type":"Article","@id":"https:\/\/cobrarentalbike.com\/it\/scopri-la-valencia-storica-a-pedali-unavventura-imperdibile\/#article","isPartOf":{"@id":"https:\/\/cobrarentalbike.com\/it\/scopri-la-valencia-storica-a-pedali-unavventura-imperdibile\/"},"author":{"name":"cobrarentalbikevalencia","@id":"https:\/\/cobrarentalbike.com\/it\/#\/schema\/person\/14580a975d180db3c623dfba983c49e6"},"headline":"Scopri la Valencia storica a pedali: un&#8217;avventura imperdibile","datePublished":"2025-05-05T21:14:17+00:00","dateModified":"2025-05-17T01:25:21+00:00","mainEntityOfPage":{"@id":"https:\/\/cobrarentalbike.com\/it\/scopri-la-valencia-storica-a-pedali-unavventura-imperdibile\/"},"wordCount":241,"commentCount":0,"publisher":{"@id":"https:\/\/cobrarentalbike.com\/it\/#organization"},"image":{"@id":"https:\/\/cobrarentalbike.com\/it\/scopri-la-valencia-storica-a-pedali-unavventura-imperdibile\/#primaryimage"},"thumbnailUrl":"https:\/\/cobrarentalbike.com\/wp-content\/uploads\/2025\/05\/Web14-1.jpg","inLanguage":"it-IT","potentialAction":[{"@type":"CommentAction","name":"Comment","target":["https:\/\/cobrarentalbike.com\/it\/scopri-la-valencia-storica-a-pedali-unavventura-imperdibile\/#respond"]}]},{"@type":"WebPage","@id":"https:\/\/cobrarentalbike.com\/it\/scopri-la-valencia-storica-a-pedali-unavventura-imperdibile\/","url":"https:\/\/cobrarentalbike.com\/it\/scopri-la-valencia-storica-a-pedali-unavventura-imperdibile\/","name":"Scopri la Valencia storica a pedali: un'avventura imperdibile - Cobra Renta Bike","isPartOf":{"@id":"https:\/\/cobrarentalbike.com\/it\/#website"},"primaryImageOfPage":{"@id":"https:\/\/cobrarentalbike.com\/it\/scopri-la-valencia-storica-a-pedali-unavventura-imperdibile\/#primaryimage"},"image":{"@id":"https:\/\/cobrarentalbike.com\/it\/scopri-la-valencia-storica-a-pedali-unavventura-imperdibile\/#primaryimage"},"thumbnailUrl":"https:\/\/cobrarentalbike.com\/wp-content\/uploads\/2025\/05\/Web14-1.jpg","datePublished":"2025-05-05T21:14:17+00:00","dateModified":"2025-05-17T01:25:21+00:00","breadcrumb":{"@id":"https:\/\/cobrarentalbike.com\/it\/scopri-la-valencia-storica-a-pedali-unavventura-imperdibile\/#breadcrumb"},"inLanguage":"it-IT","potentialAction":[{"@type":"ReadAction","target":["https:\/\/cobrarentalbike.com\/it\/scopri-la-valencia-storica-a-pedali-unavventura-imperdibile\/"]}]},{"@type":"ImageObject","inLanguage":"it-IT","@id":"https:\/\/cobrarentalbike.com\/it\/scopri-la-valencia-storica-a-pedali-unavventura-imperdibile\/#primaryimage","url":"https:\/\/cobrarentalbike.com\/wp-content\/uploads\/2025\/05\/Web14-1.jpg","contentUrl":"https:\/\/cobrarentalbike.com\/wp-content\/uploads\/2025\/05\/Web14-1.jpg","width":1600,"height":1200},{"@type":"BreadcrumbList","@id":"https:\/\/cobrarentalbike.com\/it\/scopri-la-valencia-storica-a-pedali-unavventura-imperdibile\/#breadcrumb","itemListElement":[{"@type":"ListItem","position":1,"name":"Home","item":"https:\/\/cobrarentalbike.com\/it\/"},{"@type":"ListItem","position":2,"name":"Scopri la Valencia storica a pedali: un&#8217;avventura imperdibile"}]},{"@type":"WebSite","@id":"https:\/\/cobrarentalbike.com\/it\/#website","url":"https:\/\/cobrarentalbike.com\/it\/","name":"Cobra Renta Bike","description":"Alquiler de bicicletas y tours guiados en Valencia","publisher":{"@id":"https:\/\/cobrarentalbike.com\/it\/#organization"},"potentialAction":[{"@type":"SearchAction","target":{"@type":"EntryPoint","urlTemplate":"https:\/\/cobrarentalbike.com\/it\/?s={search_term_string}"},"query-input":{"@type":"PropertyValueSpecification","valueRequired":true,"valueName":"search_term_string"}}],"inLanguage":"it-IT"},{"@type":"Organization","@id":"https:\/\/cobrarentalbike.com\/it\/#organization","name":"Cobra renta bike","url":"https:\/\/cobrarentalbike.com\/it\/","logo":{"@type":"ImageObject","inLanguage":"it-IT","@id":"https:\/\/cobrarentalbike.com\/it\/#\/schema\/logo\/image\/","url":"https:\/\/cobrarentalbike.com\/wp-content\/uploads\/2025\/04\/KobraBike_Oficial_Horizontal-03.png","contentUrl":"https:\/\/cobrarentalbike.com\/wp-content\/uploads\/2025\/04\/KobraBike_Oficial_Horizontal-03.png","width":1800,"height":470,"caption":"Cobra renta bike"},"image":{"@id":"https:\/\/cobrarentalbike.com\/it\/#\/schema\/logo\/image\/"},"sameAs":["https:\/\/www.instagram.com\/cobrarentalbike","https:\/\/www.tiktok.com\/@cobra.rental.bike"]},{"@type":"Person","@id":"https:\/\/cobrarentalbike.com\/it\/#\/schema\/person\/14580a975d180db3c623dfba983c49e6","name":"cobrarentalbikevalencia","image":{"@type":"ImageObject","inLanguage":"it-IT","@id":"https:\/\/secure.gravatar.com\/avatar\/4ea80f5b9be09de113acec33db33a7b6dc657f1f2872de50830e57684c96521e?s=96&d=mm&r=g","url":"https:\/\/secure.gravatar.com\/avatar\/4ea80f5b9be09de113acec33db33a7b6dc657f1f2872de50830e57684c96521e?s=96&d=mm&r=g","contentUrl":"https:\/\/secure.gravatar.com\/avatar\/4ea80f5b9be09de113acec33db33a7b6dc657f1f2872de50830e57684c96521e?s=96&d=mm&r=g","caption":"cobrarentalbikevalencia"},"sameAs":["https:\/\/cobrarentalbike.com"],"url":"https:\/\/cobrarentalbike.com\/it\/author\/cobrarentalbikevalencia\/"}]}},"uagb_featured_image_src":{"full":["https:\/\/cobrarentalbike.com\/wp-content\/uploads\/2025\/05\/Web14-1.jpg",1600,1200,false],"thumbnail":["https:\/\/cobrarentalbike.com\/wp-content\/uploads\/2025\/05\/Web14-1-150x150.jpg",150,150,true],"medium":["https:\/\/cobrarentalbike.com\/wp-content\/uploads\/2025\/05\/Web14-1-300x225.jpg",300,225,true],"medium_large":["https:\/\/cobrarentalbike.com\/wp-content\/uploads\/2025\/05\/Web14-1-768x576.jpg",768,576,true],"large":["https:\/\/cobrarentalbike.com\/wp-content\/uploads\/2025\/05\/Web14-1-1024x768.jpg",1024,768,true],"1536x1536":["https:\/\/cobrarentalbike.com\/wp-content\/uploads\/2025\/05\/Web14-1-1536x1152.jpg",1536,1152,true],"2048x2048":["https:\/\/cobrarentalbike.com\/wp-content\/uploads\/2025\/05\/Web14-1.jpg",1600,1200,false]},"uagb_author_info":{"display_name":"cobrarentalbikevalencia","author_link":"https:\/\/cobrarentalbike.com\/it\/author\/cobrarentalbikevalencia\/"},"uagb_comment_info":0,"uagb_excerpt":"Cerchi un modo unico e divertente per esplorare il cuore di Valencia? Il nostro servizio di noleggio biciclette ti d\u00e0 la libert\u00e0 di immergerti nella ricca storia di questa affascinante citt\u00e0 al tuo ritmo. Dimentica gli ingorghi e i trasporti pubblici: con le nostre comode biciclette a noleggio potrai esplorare gli angoli emblematici del centro&hellip;","_links":{"self":[{"href":"https:\/\/cobrarentalbike.com\/it\/wp-json\/wp\/v2\/posts\/3522","targetHints":{"allow":["GET"]}}],"collection":[{"href":"https:\/\/cobrarentalbike.com\/it\/wp-json\/wp\/v2\/posts"}],"about":[{"href":"https:\/\/cobrarentalbike.com\/it\/wp-json\/wp\/v2\/types\/post"}],"author":[{"embeddable":true,"href":"https:\/\/cobrarentalbike.com\/it\/wp-json\/wp\/v2\/users\/1"}],"replies":[{"embeddable":true,"href":"https:\/\/cobrarentalbike.com\/it\/wp-json\/wp\/v2\/comments?post=3522"}],"version-history":[{"count":1,"href":"https:\/\/cobrarentalbike.com\/it\/wp-json\/wp\/v2\/posts\/3522\/revisions"}],"predecessor-version":[{"id":3527,"href":"https:\/\/cobrarentalbike.com\/it\/wp-json\/wp\/v2\/posts\/3522\/revisions\/3527"}],"wp:featuredmedia":[{"embeddable":true,"href":"https:\/\/cobrarentalbike.com\/it\/wp-json\/wp\/v2\/media\/3526"}],"wp:attachment":[{"href":"https:\/\/cobrarentalbike.com\/it\/wp-json\/wp\/v2\/media?parent=3522"}],"wp:term":[{"taxonomy":"category","embeddable":true,"href":"https:\/\/cobrarentalbike.com\/it\/wp-json\/wp\/v2\/categories?post=3522"},{"taxonomy":"post_tag","embeddable":true,"href":"https:\/\/cobrarentalbike.com\/it\/wp-json\/wp\/v2\/tags?post=3522"}],"curies":[{"name":"wp","href":"https:\/\/api.w.org\/{rel}","templated":true}]}}