{"id":3182,"date":"2025-05-05T21:14:17","date_gmt":"2025-05-05T21:14:17","guid":{"rendered":"https:\/\/cobrarentalbike.com\/?p=3182"},"modified":"2025-05-05T21:16:45","modified_gmt":"2025-05-05T21:16:45","slug":"descubre-la-valencia-historica-a-golpe-de-pedal-una-aventura-imprescindible","status":"publish","type":"post","link":"https:\/\/cobrarentalbike.com\/es\/descubre-la-valencia-historica-a-golpe-de-pedal-una-aventura-imprescindible\/","title":{"rendered":"Descubre la Valencia Hist\u00f3rica a Golpe de Pedal: Una Aventura Imprescindible"},"content":{"rendered":"\n<p>\u00bfBuscas una forma \u00fanica y divertida de explorar el coraz\u00f3n de Valencia? Nuestro servicio de alquiler de bicicletas te ofrece la libertad de sumergirte en la rica historia de esta fascinante ciudad a tu propio ritmo. Olv\u00eddate de los atascos y el transporte p\u00fablico; con nuestras c\u00f3modas bicicletas de alquiler, podr\u00e1s recorrer los emblem\u00e1ticos rincones del centro hist\u00f3rico de Valencia de una manera \u00e1gil y sostenible.<\/p>\n\n\n\n<p>Comienza tu aventura ciclista en las majestuosas Torres de Serranos, una antigua puerta de la ciudad que te transportar\u00e1 a otra \u00e9poca. Desde all\u00ed, pedalea suavemente hacia la imponente Catedral de Valencia, donde podr\u00e1s admirar su mezcla de estilos arquitect\u00f3nicos y quiz\u00e1s hacer una pausa para disfrutar del ambiente de la Plaza de la Virgen.<\/p>\n\n\n\n<p>Contin\u00faa tu ruta en bicicleta hacia el bullicioso Mercado Central, un fest\u00edn para los sentidos con sus vibrantes colores y aromas. Muy cerca, te espera la Lonja de la Seda, una joya del g\u00f3tico civil declarada Patrimonio de la Humanidad por la UNESCO. Y para finalizar este recorrido hist\u00f3rico en bicicleta, no puedes perderte la grandiosa Plaza del Ayuntamiento, un espacio lleno de vida y rodeado de edificios emblem\u00e1ticos.<\/p>\n\n\n\n<p>Con nuestro servicio de renta de bicicletas en Valencia, tendr\u00e1s la oportunidad de vivir una experiencia tur\u00edstica inolvidable, conectando con la historia y la belleza de esta ciudad de una manera activa y emocionante. \u00a1Alquila tu bicicleta hoy y comienza a explorar!<\/p>\n\n\n\n<p><\/p>\n","protected":false},"excerpt":{"rendered":"<p>\u00bfBuscas una forma \u00fanica y divertida de explorar el coraz\u00f3n de Valencia? Nuestro servicio de alquiler de bicicletas te ofrece la libertad de sumergirte en la rica historia de esta fascinante ciudad a tu propio ritmo. Olv\u00eddate de los atascos y el transporte p\u00fablico; con nuestras c\u00f3modas bicicletas de alquiler, podr\u00e1s recorrer los emblem\u00e1ticos rincones [&hellip;]<\/p>\n","protected":false},"author":1,"featured_media":3192,"comment_status":"open","ping_status":"open","sticky":false,"template":"","format":"standard","meta":{"_surecart_dashboard_logo_width":"180px","_surecart_dashboard_show_logo":true,"_surecart_dashboard_navigation_orders":true,"_surecart_dashboard_navigation_invoices":true,"_surecart_dashboard_navigation_subscriptions":true,"_surecart_dashboard_navigation_downloads":true,"_surecart_dashboard_navigation_billing":true,"_surecart_dashboard_navigation_account":true,"_uag_custom_page_level_css":"","site-sidebar-layout":"default","site-content-layout":"","ast-site-content-layout":"default","site-content-style":"default","site-sidebar-style":"default","ast-global-header-display":"","ast-banner-title-visibility":"","ast-main-header-display":"","ast-hfb-above-header-display":"","ast-hfb-below-header-display":"","ast-hfb-mobile-header-display":"","site-post-title":"","ast-breadcrumbs-content":"","ast-featured-img":"","footer-sml-layout":"","ast-disable-related-posts":"","theme-transparent-header-meta":"","adv-header-id-meta":"","stick-header-meta":"","header-above-stick-meta":"","header-main-stick-meta":"","header-below-stick-meta":"","astra-migrate-meta-layouts":"set","ast-page-background-enabled":"default","ast-page-background-meta":{"desktop":{"background-color":"","background-image":"","background-repeat":"repeat","background-position":"center center","background-size":"auto","background-attachment":"scroll","background-type":"","background-media":"","overlay-type":"","overlay-color":"","overlay-opacity":"","overlay-gradient":""},"tablet":{"background-color":"","background-image":"","background-repeat":"repeat","background-position":"center center","background-size":"auto","background-attachment":"scroll","background-type":"","background-media":"","overlay-type":"","overlay-color":"","overlay-opacity":"","overlay-gradient":""},"mobile":{"background-color":"","background-image":"","background-repeat":"repeat","background-position":"center center","background-size":"auto","background-attachment":"scroll","background-type":"","background-media":"","overlay-type":"","overlay-color":"","overlay-opacity":"","overlay-gradient":""}},"ast-content-background-meta":{"desktop":{"background-color":"var(--ast-global-color-5)","background-image":"","background-repeat":"repeat","background-position":"center center","background-size":"auto","background-attachment":"scroll","background-type":"","background-media":"","overlay-type":"","overlay-color":"","overlay-opacity":"","overlay-gradient":""},"tablet":{"background-color":"var(--ast-global-color-5)","background-image":"","background-repeat":"repeat","background-position":"center center","background-size":"auto","background-attachment":"scroll","background-type":"","background-media":"","overlay-type":"","overlay-color":"","overlay-opacity":"","overlay-gradient":""},"mobile":{"background-color":"var(--ast-global-color-5)","background-image":"","background-repeat":"repeat","background-position":"center center","background-size":"auto","background-attachment":"scroll","background-type":"","background-media":"","overlay-type":"","overlay-color":"","overlay-opacity":"","overlay-gradient":""}},"_joinchat":[],"footnotes":""},"categories":[1],"tags":[],"class_list":["post-3182","post","type-post","status-publish","format-standard","has-post-thumbnail","hentry","category-sin-categoria"],"yoast_head":"<!-- This site is optimized with the Yoast SEO plugin v27.4 - https:\/\/yoast.com\/product\/yoast-seo-wordpress\/ -->\n<title>Descubre la Valencia Hist\u00f3rica a Golpe de Pedal: Una Aventura Imprescindible - Cobra Renta Bike<\/title>\n<meta name=\"robots\" content=\"index, follow, max-snippet:-1, max-image-preview:large, max-video-preview:-1\" \/>\n<link rel=\"canonical\" href=\"https:\/\/cobrarentalbike.com\/es\/descubre-la-valencia-historica-a-golpe-de-pedal-una-aventura-imprescindible\/\" \/>\n<meta property=\"og:locale\" content=\"es_ES\" \/>\n<meta property=\"og:type\" content=\"article\" \/>\n<meta property=\"og:title\" content=\"Descubre la Valencia Hist\u00f3rica a Golpe de Pedal: Una Aventura Imprescindible - Cobra Renta Bike\" \/>\n<meta property=\"og:description\" content=\"\u00bfBuscas una forma \u00fanica y divertida de explorar el coraz\u00f3n de Valencia? Nuestro servicio de alquiler de bicicletas te ofrece la libertad de sumergirte en la rica historia de esta fascinante ciudad a tu propio ritmo. Olv\u00eddate de los atascos y el transporte p\u00fablico; con nuestras c\u00f3modas bicicletas de alquiler, podr\u00e1s recorrer los emblem\u00e1ticos rincones [&hellip;]\" \/>\n<meta property=\"og:url\" content=\"https:\/\/cobrarentalbike.com\/es\/descubre-la-valencia-historica-a-golpe-de-pedal-una-aventura-imprescindible\/\" \/>\n<meta property=\"og:site_name\" content=\"Cobra Renta Bike\" \/>\n<meta property=\"article:published_time\" content=\"2025-05-05T21:14:17+00:00\" \/>\n<meta property=\"article:modified_time\" content=\"2025-05-05T21:16:45+00:00\" \/>\n<meta property=\"og:image\" content=\"https:\/\/cobrarentalbike.com\/wp-content\/uploads\/2025\/05\/Web14-1.jpg\" \/>\n\t<meta property=\"og:image:width\" content=\"1600\" \/>\n\t<meta property=\"og:image:height\" content=\"1200\" \/>\n\t<meta property=\"og:image:type\" content=\"image\/jpeg\" \/>\n<meta name=\"author\" content=\"cobrarentalbikevalencia\" \/>\n<meta name=\"twitter:card\" content=\"summary_large_image\" \/>\n<meta name=\"twitter:label1\" content=\"Escrito por\" \/>\n\t<meta name=\"twitter:data1\" content=\"cobrarentalbikevalencia\" \/>\n\t<meta name=\"twitter:label2\" content=\"Tiempo de lectura\" \/>\n\t<meta name=\"twitter:data2\" content=\"2 minutos\" \/>\n<script type=\"application\/ld+json\" class=\"yoast-schema-graph\">{\"@context\":\"https:\\\/\\\/schema.org\",\"@graph\":[{\"@type\":\"Article\",\"@id\":\"https:\\\/\\\/cobrarentalbike.com\\\/es\\\/descubre-la-valencia-historica-a-golpe-de-pedal-una-aventura-imprescindible\\\/#article\",\"isPartOf\":{\"@id\":\"https:\\\/\\\/cobrarentalbike.com\\\/es\\\/descubre-la-valencia-historica-a-golpe-de-pedal-una-aventura-imprescindible\\\/\"},\"author\":{\"name\":\"cobrarentalbikevalencia\",\"@id\":\"https:\\\/\\\/cobrarentalbike.com\\\/es\\\/#\\\/schema\\\/person\\\/14580a975d180db3c623dfba983c49e6\"},\"headline\":\"Descubre la Valencia Hist\u00f3rica a Golpe de Pedal: Una Aventura Imprescindible\",\"datePublished\":\"2025-05-05T21:14:17+00:00\",\"dateModified\":\"2025-05-05T21:16:45+00:00\",\"mainEntityOfPage\":{\"@id\":\"https:\\\/\\\/cobrarentalbike.com\\\/es\\\/descubre-la-valencia-historica-a-golpe-de-pedal-una-aventura-imprescindible\\\/\"},\"wordCount\":261,\"commentCount\":0,\"publisher\":{\"@id\":\"https:\\\/\\\/cobrarentalbike.com\\\/es\\\/#organization\"},\"image\":{\"@id\":\"https:\\\/\\\/cobrarentalbike.com\\\/es\\\/descubre-la-valencia-historica-a-golpe-de-pedal-una-aventura-imprescindible\\\/#primaryimage\"},\"thumbnailUrl\":\"https:\\\/\\\/cobrarentalbike.com\\\/wp-content\\\/uploads\\\/2025\\\/05\\\/Web14-1.jpg\",\"inLanguage\":\"es\",\"potentialAction\":[{\"@type\":\"CommentAction\",\"name\":\"Comment\",\"target\":[\"https:\\\/\\\/cobrarentalbike.com\\\/es\\\/descubre-la-valencia-historica-a-golpe-de-pedal-una-aventura-imprescindible\\\/#respond\"]}]},{\"@type\":\"WebPage\",\"@id\":\"https:\\\/\\\/cobrarentalbike.com\\\/es\\\/descubre-la-valencia-historica-a-golpe-de-pedal-una-aventura-imprescindible\\\/\",\"url\":\"https:\\\/\\\/cobrarentalbike.com\\\/es\\\/descubre-la-valencia-historica-a-golpe-de-pedal-una-aventura-imprescindible\\\/\",\"name\":\"Descubre la Valencia Hist\u00f3rica a Golpe de Pedal: Una Aventura Imprescindible - Cobra Renta Bike\",\"isPartOf\":{\"@id\":\"https:\\\/\\\/cobrarentalbike.com\\\/es\\\/#website\"},\"primaryImageOfPage\":{\"@id\":\"https:\\\/\\\/cobrarentalbike.com\\\/es\\\/descubre-la-valencia-historica-a-golpe-de-pedal-una-aventura-imprescindible\\\/#primaryimage\"},\"image\":{\"@id\":\"https:\\\/\\\/cobrarentalbike.com\\\/es\\\/descubre-la-valencia-historica-a-golpe-de-pedal-una-aventura-imprescindible\\\/#primaryimage\"},\"thumbnailUrl\":\"https:\\\/\\\/cobrarentalbike.com\\\/wp-content\\\/uploads\\\/2025\\\/05\\\/Web14-1.jpg\",\"datePublished\":\"2025-05-05T21:14:17+00:00\",\"dateModified\":\"2025-05-05T21:16:45+00:00\",\"breadcrumb\":{\"@id\":\"https:\\\/\\\/cobrarentalbike.com\\\/es\\\/descubre-la-valencia-historica-a-golpe-de-pedal-una-aventura-imprescindible\\\/#breadcrumb\"},\"inLanguage\":\"es\",\"potentialAction\":[{\"@type\":\"ReadAction\",\"target\":[\"https:\\\/\\\/cobrarentalbike.com\\\/es\\\/descubre-la-valencia-historica-a-golpe-de-pedal-una-aventura-imprescindible\\\/\"]}]},{\"@type\":\"ImageObject\",\"inLanguage\":\"es\",\"@id\":\"https:\\\/\\\/cobrarentalbike.com\\\/es\\\/descubre-la-valencia-historica-a-golpe-de-pedal-una-aventura-imprescindible\\\/#primaryimage\",\"url\":\"https:\\\/\\\/cobrarentalbike.com\\\/wp-content\\\/uploads\\\/2025\\\/05\\\/Web14-1.jpg\",\"contentUrl\":\"https:\\\/\\\/cobrarentalbike.com\\\/wp-content\\\/uploads\\\/2025\\\/05\\\/Web14-1.jpg\",\"width\":1600,\"height\":1200},{\"@type\":\"BreadcrumbList\",\"@id\":\"https:\\\/\\\/cobrarentalbike.com\\\/es\\\/descubre-la-valencia-historica-a-golpe-de-pedal-una-aventura-imprescindible\\\/#breadcrumb\",\"itemListElement\":[{\"@type\":\"ListItem\",\"position\":1,\"name\":\"Home\",\"item\":\"https:\\\/\\\/cobrarentalbike.com\\\/es\\\/\"},{\"@type\":\"ListItem\",\"position\":2,\"name\":\"Descubre la Valencia Hist\u00f3rica a Golpe de Pedal: Una Aventura Imprescindible\"}]},{\"@type\":\"WebSite\",\"@id\":\"https:\\\/\\\/cobrarentalbike.com\\\/es\\\/#website\",\"url\":\"https:\\\/\\\/cobrarentalbike.com\\\/es\\\/\",\"name\":\"Cobra Renta Bike\",\"description\":\"Alquiler de bicicletas y tours guiados en Valencia\",\"publisher\":{\"@id\":\"https:\\\/\\\/cobrarentalbike.com\\\/es\\\/#organization\"},\"potentialAction\":[{\"@type\":\"SearchAction\",\"target\":{\"@type\":\"EntryPoint\",\"urlTemplate\":\"https:\\\/\\\/cobrarentalbike.com\\\/es\\\/?s={search_term_string}\"},\"query-input\":{\"@type\":\"PropertyValueSpecification\",\"valueRequired\":true,\"valueName\":\"search_term_string\"}}],\"inLanguage\":\"es\"},{\"@type\":\"Organization\",\"@id\":\"https:\\\/\\\/cobrarentalbike.com\\\/es\\\/#organization\",\"name\":\"Cobra Renta Bike\",\"url\":\"https:\\\/\\\/cobrarentalbike.com\\\/es\\\/\",\"logo\":{\"@type\":\"ImageObject\",\"inLanguage\":\"es\",\"@id\":\"https:\\\/\\\/cobrarentalbike.com\\\/es\\\/#\\\/schema\\\/logo\\\/image\\\/\",\"url\":\"https:\\\/\\\/cobrarentalbike.com\\\/wp-content\\\/uploads\\\/2025\\\/04\\\/KobraBike_Oficial_Horizontal-03.png\",\"contentUrl\":\"https:\\\/\\\/cobrarentalbike.com\\\/wp-content\\\/uploads\\\/2025\\\/04\\\/KobraBike_Oficial_Horizontal-03.png\",\"width\":1800,\"height\":470,\"caption\":\"Cobra Renta Bike\"},\"image\":{\"@id\":\"https:\\\/\\\/cobrarentalbike.com\\\/es\\\/#\\\/schema\\\/logo\\\/image\\\/\"},\"sameAs\":[\"https:\\\/\\\/www.instagram.com\\\/cobrarentalbike\",\"https:\\\/\\\/www.tiktok.com\\\/@cobra.rental.bike\"]},{\"@type\":\"Person\",\"@id\":\"https:\\\/\\\/cobrarentalbike.com\\\/es\\\/#\\\/schema\\\/person\\\/14580a975d180db3c623dfba983c49e6\",\"name\":\"cobrarentalbikevalencia\",\"image\":{\"@type\":\"ImageObject\",\"inLanguage\":\"es\",\"@id\":\"https:\\\/\\\/secure.gravatar.com\\\/avatar\\\/4ea80f5b9be09de113acec33db33a7b6dc657f1f2872de50830e57684c96521e?s=96&d=mm&r=g\",\"url\":\"https:\\\/\\\/secure.gravatar.com\\\/avatar\\\/4ea80f5b9be09de113acec33db33a7b6dc657f1f2872de50830e57684c96521e?s=96&d=mm&r=g\",\"contentUrl\":\"https:\\\/\\\/secure.gravatar.com\\\/avatar\\\/4ea80f5b9be09de113acec33db33a7b6dc657f1f2872de50830e57684c96521e?s=96&d=mm&r=g\",\"caption\":\"cobrarentalbikevalencia\"},\"sameAs\":[\"https:\\\/\\\/cobrarentalbike.com\"],\"url\":\"https:\\\/\\\/cobrarentalbike.com\\\/es\\\/author\\\/cobrarentalbikevalencia\\\/\"}]}<\/script>\n<!-- \/ Yoast SEO plugin. -->","yoast_head_json":{"title":"Descubre la Valencia Hist\u00f3rica a Golpe de Pedal: Una Aventura Imprescindible - Cobra Renta Bike","robots":{"index":"index","follow":"follow","max-snippet":"max-snippet:-1","max-image-preview":"max-image-preview:large","max-video-preview":"max-video-preview:-1"},"canonical":"https:\/\/cobrarentalbike.com\/es\/descubre-la-valencia-historica-a-golpe-de-pedal-una-aventura-imprescindible\/","og_locale":"es_ES","og_type":"article","og_title":"Descubre la Valencia Hist\u00f3rica a Golpe de Pedal: Una Aventura Imprescindible - Cobra Renta Bike","og_description":"\u00bfBuscas una forma \u00fanica y divertida de explorar el coraz\u00f3n de Valencia? Nuestro servicio de alquiler de bicicletas te ofrece la libertad de sumergirte en la rica historia de esta fascinante ciudad a tu propio ritmo. Olv\u00eddate de los atascos y el transporte p\u00fablico; con nuestras c\u00f3modas bicicletas de alquiler, podr\u00e1s recorrer los emblem\u00e1ticos rincones [&hellip;]","og_url":"https:\/\/cobrarentalbike.com\/es\/descubre-la-valencia-historica-a-golpe-de-pedal-una-aventura-imprescindible\/","og_site_name":"Cobra Renta Bike","article_published_time":"2025-05-05T21:14:17+00:00","article_modified_time":"2025-05-05T21:16:45+00:00","og_image":[{"width":1600,"height":1200,"url":"https:\/\/cobrarentalbike.com\/wp-content\/uploads\/2025\/05\/Web14-1.jpg","type":"image\/jpeg"}],"author":"cobrarentalbikevalencia","twitter_card":"summary_large_image","twitter_misc":{"Escrito por":"cobrarentalbikevalencia","Tiempo de lectura":"2 minutos"},"schema":{"@context":"https:\/\/schema.org","@graph":[{"@type":"Article","@id":"https:\/\/cobrarentalbike.com\/es\/descubre-la-valencia-historica-a-golpe-de-pedal-una-aventura-imprescindible\/#article","isPartOf":{"@id":"https:\/\/cobrarentalbike.com\/es\/descubre-la-valencia-historica-a-golpe-de-pedal-una-aventura-imprescindible\/"},"author":{"name":"cobrarentalbikevalencia","@id":"https:\/\/cobrarentalbike.com\/es\/#\/schema\/person\/14580a975d180db3c623dfba983c49e6"},"headline":"Descubre la Valencia Hist\u00f3rica a Golpe de Pedal: Una Aventura Imprescindible","datePublished":"2025-05-05T21:14:17+00:00","dateModified":"2025-05-05T21:16:45+00:00","mainEntityOfPage":{"@id":"https:\/\/cobrarentalbike.com\/es\/descubre-la-valencia-historica-a-golpe-de-pedal-una-aventura-imprescindible\/"},"wordCount":261,"commentCount":0,"publisher":{"@id":"https:\/\/cobrarentalbike.com\/es\/#organization"},"image":{"@id":"https:\/\/cobrarentalbike.com\/es\/descubre-la-valencia-historica-a-golpe-de-pedal-una-aventura-imprescindible\/#primaryimage"},"thumbnailUrl":"https:\/\/cobrarentalbike.com\/wp-content\/uploads\/2025\/05\/Web14-1.jpg","inLanguage":"es","potentialAction":[{"@type":"CommentAction","name":"Comment","target":["https:\/\/cobrarentalbike.com\/es\/descubre-la-valencia-historica-a-golpe-de-pedal-una-aventura-imprescindible\/#respond"]}]},{"@type":"WebPage","@id":"https:\/\/cobrarentalbike.com\/es\/descubre-la-valencia-historica-a-golpe-de-pedal-una-aventura-imprescindible\/","url":"https:\/\/cobrarentalbike.com\/es\/descubre-la-valencia-historica-a-golpe-de-pedal-una-aventura-imprescindible\/","name":"Descubre la Valencia Hist\u00f3rica a Golpe de Pedal: Una Aventura Imprescindible - Cobra Renta Bike","isPartOf":{"@id":"https:\/\/cobrarentalbike.com\/es\/#website"},"primaryImageOfPage":{"@id":"https:\/\/cobrarentalbike.com\/es\/descubre-la-valencia-historica-a-golpe-de-pedal-una-aventura-imprescindible\/#primaryimage"},"image":{"@id":"https:\/\/cobrarentalbike.com\/es\/descubre-la-valencia-historica-a-golpe-de-pedal-una-aventura-imprescindible\/#primaryimage"},"thumbnailUrl":"https:\/\/cobrarentalbike.com\/wp-content\/uploads\/2025\/05\/Web14-1.jpg","datePublished":"2025-05-05T21:14:17+00:00","dateModified":"2025-05-05T21:16:45+00:00","breadcrumb":{"@id":"https:\/\/cobrarentalbike.com\/es\/descubre-la-valencia-historica-a-golpe-de-pedal-una-aventura-imprescindible\/#breadcrumb"},"inLanguage":"es","potentialAction":[{"@type":"ReadAction","target":["https:\/\/cobrarentalbike.com\/es\/descubre-la-valencia-historica-a-golpe-de-pedal-una-aventura-imprescindible\/"]}]},{"@type":"ImageObject","inLanguage":"es","@id":"https:\/\/cobrarentalbike.com\/es\/descubre-la-valencia-historica-a-golpe-de-pedal-una-aventura-imprescindible\/#primaryimage","url":"https:\/\/cobrarentalbike.com\/wp-content\/uploads\/2025\/05\/Web14-1.jpg","contentUrl":"https:\/\/cobrarentalbike.com\/wp-content\/uploads\/2025\/05\/Web14-1.jpg","width":1600,"height":1200},{"@type":"BreadcrumbList","@id":"https:\/\/cobrarentalbike.com\/es\/descubre-la-valencia-historica-a-golpe-de-pedal-una-aventura-imprescindible\/#breadcrumb","itemListElement":[{"@type":"ListItem","position":1,"name":"Home","item":"https:\/\/cobrarentalbike.com\/es\/"},{"@type":"ListItem","position":2,"name":"Descubre la Valencia Hist\u00f3rica a Golpe de Pedal: Una Aventura Imprescindible"}]},{"@type":"WebSite","@id":"https:\/\/cobrarentalbike.com\/es\/#website","url":"https:\/\/cobrarentalbike.com\/es\/","name":"Cobra Renta Bike","description":"Alquiler de bicicletas y tours guiados en Valencia","publisher":{"@id":"https:\/\/cobrarentalbike.com\/es\/#organization"},"potentialAction":[{"@type":"SearchAction","target":{"@type":"EntryPoint","urlTemplate":"https:\/\/cobrarentalbike.com\/es\/?s={search_term_string}"},"query-input":{"@type":"PropertyValueSpecification","valueRequired":true,"valueName":"search_term_string"}}],"inLanguage":"es"},{"@type":"Organization","@id":"https:\/\/cobrarentalbike.com\/es\/#organization","name":"Cobra Renta Bike","url":"https:\/\/cobrarentalbike.com\/es\/","logo":{"@type":"ImageObject","inLanguage":"es","@id":"https:\/\/cobrarentalbike.com\/es\/#\/schema\/logo\/image\/","url":"https:\/\/cobrarentalbike.com\/wp-content\/uploads\/2025\/04\/KobraBike_Oficial_Horizontal-03.png","contentUrl":"https:\/\/cobrarentalbike.com\/wp-content\/uploads\/2025\/04\/KobraBike_Oficial_Horizontal-03.png","width":1800,"height":470,"caption":"Cobra Renta Bike"},"image":{"@id":"https:\/\/cobrarentalbike.com\/es\/#\/schema\/logo\/image\/"},"sameAs":["https:\/\/www.instagram.com\/cobrarentalbike","https:\/\/www.tiktok.com\/@cobra.rental.bike"]},{"@type":"Person","@id":"https:\/\/cobrarentalbike.com\/es\/#\/schema\/person\/14580a975d180db3c623dfba983c49e6","name":"cobrarentalbikevalencia","image":{"@type":"ImageObject","inLanguage":"es","@id":"https:\/\/secure.gravatar.com\/avatar\/4ea80f5b9be09de113acec33db33a7b6dc657f1f2872de50830e57684c96521e?s=96&d=mm&r=g","url":"https:\/\/secure.gravatar.com\/avatar\/4ea80f5b9be09de113acec33db33a7b6dc657f1f2872de50830e57684c96521e?s=96&d=mm&r=g","contentUrl":"https:\/\/secure.gravatar.com\/avatar\/4ea80f5b9be09de113acec33db33a7b6dc657f1f2872de50830e57684c96521e?s=96&d=mm&r=g","caption":"cobrarentalbikevalencia"},"sameAs":["https:\/\/cobrarentalbike.com"],"url":"https:\/\/cobrarentalbike.com\/es\/author\/cobrarentalbikevalencia\/"}]}},"uagb_featured_image_src":{"full":["https:\/\/cobrarentalbike.com\/wp-content\/uploads\/2025\/05\/Web14-1.jpg",1600,1200,false],"thumbnail":["https:\/\/cobrarentalbike.com\/wp-content\/uploads\/2025\/05\/Web14-1-150x150.jpg",150,150,true],"medium":["https:\/\/cobrarentalbike.com\/wp-content\/uploads\/2025\/05\/Web14-1-300x225.jpg",300,225,true],"medium_large":["https:\/\/cobrarentalbike.com\/wp-content\/uploads\/2025\/05\/Web14-1-768x576.jpg",768,576,true],"large":["https:\/\/cobrarentalbike.com\/wp-content\/uploads\/2025\/05\/Web14-1-1024x768.jpg",1024,768,true],"1536x1536":["https:\/\/cobrarentalbike.com\/wp-content\/uploads\/2025\/05\/Web14-1-1536x1152.jpg",1536,1152,true],"2048x2048":["https:\/\/cobrarentalbike.com\/wp-content\/uploads\/2025\/05\/Web14-1.jpg",1600,1200,false]},"uagb_author_info":{"display_name":"cobrarentalbikevalencia","author_link":"https:\/\/cobrarentalbike.com\/es\/author\/cobrarentalbikevalencia\/"},"uagb_comment_info":0,"uagb_excerpt":"\u00bfBuscas una forma \u00fanica y divertida de explorar el coraz\u00f3n de Valencia? Nuestro servicio de alquiler de bicicletas te ofrece la libertad de sumergirte en la rica historia de esta fascinante ciudad a tu propio ritmo. Olv\u00eddate de los atascos y el transporte p\u00fablico; con nuestras c\u00f3modas bicicletas de alquiler, podr\u00e1s recorrer los emblem\u00e1ticos rincones&hellip;","_links":{"self":[{"href":"https:\/\/cobrarentalbike.com\/es\/wp-json\/wp\/v2\/posts\/3182","targetHints":{"allow":["GET"]}}],"collection":[{"href":"https:\/\/cobrarentalbike.com\/es\/wp-json\/wp\/v2\/posts"}],"about":[{"href":"https:\/\/cobrarentalbike.com\/es\/wp-json\/wp\/v2\/types\/post"}],"author":[{"embeddable":true,"href":"https:\/\/cobrarentalbike.com\/es\/wp-json\/wp\/v2\/users\/1"}],"replies":[{"embeddable":true,"href":"https:\/\/cobrarentalbike.com\/es\/wp-json\/wp\/v2\/comments?post=3182"}],"version-history":[{"count":2,"href":"https:\/\/cobrarentalbike.com\/es\/wp-json\/wp\/v2\/posts\/3182\/revisions"}],"predecessor-version":[{"id":3197,"href":"https:\/\/cobrarentalbike.com\/es\/wp-json\/wp\/v2\/posts\/3182\/revisions\/3197"}],"wp:featuredmedia":[{"embeddable":true,"href":"https:\/\/cobrarentalbike.com\/es\/wp-json\/wp\/v2\/media\/3192"}],"wp:attachment":[{"href":"https:\/\/cobrarentalbike.com\/es\/wp-json\/wp\/v2\/media?parent=3182"}],"wp:term":[{"taxonomy":"category","embeddable":true,"href":"https:\/\/cobrarentalbike.com\/es\/wp-json\/wp\/v2\/categories?post=3182"},{"taxonomy":"post_tag","embeddable":true,"href":"https:\/\/cobrarentalbike.com\/es\/wp-json\/wp\/v2\/tags?post=3182"}],"curies":[{"name":"wp","href":"https:\/\/api.w.org\/{rel}","templated":true}]}}